{"id":4972,"date":"2012-05-30T08:14:59","date_gmt":"2012-05-30T06:14:59","guid":{"rendered":"http:\/\/www.napolinelmondo.org\/public\/wp\/?p=4972"},"modified":"2012-05-30T08:14:59","modified_gmt":"2012-05-30T06:14:59","slug":"non-c-peggior-sordo-di-chi-non-vuol-sentire-le-parole-di-de-laurentiis","status":"publish","type":"post","link":"https:\/\/www.napolinelmondo.org\/public\/wp\/non-c-peggior-sordo-di-chi-non-vuol-sentire-le-parole-di-de-laurentiis\/","title":{"rendered":"<!--:it-->Non c&#8217;&#232; peggior sordo di chi non vuol sentire &#8230; le parole di De Laurentiis <!--:--><!--:en-->Non c&#8217;&#232; peggior sordo di chi non vuol sentire &#8230; le parole di De Laurentiis <!--:-->"},"content":{"rendered":"<p><!--:it--><a href=\"https:\/\/i0.wp.com\/www.napolinelmondo.org\/public\/wp\/wp-content\/uploads\/2012\/05\/Aurelio_De_Laurentiis.jpg?ssl=1\" data-rel=\"lightbox-image-0\" data-rl_title=\"\" data-rl_caption=\"\" title=\"\"><img data-recalc-dims=\"1\" loading=\"lazy\" decoding=\"async\" data-attachment-id=\"4973\" data-permalink=\"https:\/\/www.napolinelmondo.org\/public\/wp\/non-c-peggior-sordo-di-chi-non-vuol-sentire-le-parole-di-de-laurentiis\/aurelio_de_laurentiis\/\" data-orig-file=\"https:\/\/i0.wp.com\/www.napolinelmondo.org\/public\/wp\/wp-content\/uploads\/2012\/05\/Aurelio_De_Laurentiis.jpg?fit=470%2C288&amp;ssl=1\" data-orig-size=\"470,288\" data-comments-opened=\"0\" data-image-meta=\"{&quot;aperture&quot;:&quot;0&quot;,&quot;credit&quot;:&quot;&quot;,&quot;camera&quot;:&quot;&quot;,&quot;caption&quot;:&quot;&quot;,&quot;created_timestamp&quot;:&quot;0&quot;,&quot;copyright&quot;:&quot;&quot;,&quot;focal_length&quot;:&quot;0&quot;,&quot;iso&quot;:&quot;0&quot;,&quot;shutter_speed&quot;:&quot;0&quot;,&quot;title&quot;:&quot;&quot;}\" data-image-title=\"Aurelio_De_Laurentiis\" data-image-description=\"\" data-image-caption=\"\" data-medium-file=\"https:\/\/i0.wp.com\/www.napolinelmondo.org\/public\/wp\/wp-content\/uploads\/2012\/05\/Aurelio_De_Laurentiis.jpg?fit=300%2C183&amp;ssl=1\" data-large-file=\"https:\/\/i0.wp.com\/www.napolinelmondo.org\/public\/wp\/wp-content\/uploads\/2012\/05\/Aurelio_De_Laurentiis.jpg?fit=470%2C288&amp;ssl=1\" src=\"https:\/\/i0.wp.com\/www.napolinelmondo.org\/public\/wp\/wp-content\/uploads\/2012\/05\/Aurelio_De_Laurentiis.jpg?resize=300%2C183&#038;ssl=1\" alt=\"\" width=\"300\" height=\"183\" class=\"alignleft size-medium wp-image-4973\" srcset=\"https:\/\/i0.wp.com\/www.napolinelmondo.org\/public\/wp\/wp-content\/uploads\/2012\/05\/Aurelio_De_Laurentiis.jpg?resize=300%2C183&amp;ssl=1 300w, https:\/\/i0.wp.com\/www.napolinelmondo.org\/public\/wp\/wp-content\/uploads\/2012\/05\/Aurelio_De_Laurentiis.jpg?resize=150%2C91&amp;ssl=1 150w, https:\/\/i0.wp.com\/www.napolinelmondo.org\/public\/wp\/wp-content\/uploads\/2012\/05\/Aurelio_De_Laurentiis.jpg?resize=400%2C245&amp;ssl=1 400w, https:\/\/i0.wp.com\/www.napolinelmondo.org\/public\/wp\/wp-content\/uploads\/2012\/05\/Aurelio_De_Laurentiis.jpg?w=470&amp;ssl=1 470w\" sizes=\"auto, (max-width: 300px) 100vw, 300px\" \/><\/a><em>&#8220;Mazzarri? Si tratta di un uomo intelligente, sa che non dovr&#224; fare richieste eccessive rispettando i parametri del club&#8221;<\/em> Queste le affermazioni di <strong>Aurelio De Laurentiis <\/strong>rilasciate ai microfoni di SKY Sport 24. Dichiarazioni che vanno in senso contrario a quelle di alcuni opinionisti che prevedono, alla stregua di altri analoghi presagi manifestati in un passato non tanto lontano, litigi con conseguente interruzione della collaborazione tra il Patron del Napoli ed il tecnico di San Vincenzo. Tutti, oramai, conoscono le strategie societarie del presidente ma molti, glissando sui risultati ottenuti dal club partenopeo culminati con la conquista del primo trofeo dell&#8217;era De Laurentiis, preferiscono annunciare scenari tenebrosi invece di riconoscere una realt&#224; ben chiara e definita dai dirigenti azzurri.<\/p>\n<p>&#8220;<em><strong>Lavezzi<\/strong>? C&#8217;&#232; un&#8217;asta internazionale perch&#232; anche in Cina sono interessati al giocatore. Bisogna pagare la clausola di 31 milioni di euro&#8221; <\/em>Prosegue De Laurentiis mettendo, ancora una volta, in risalto che i gioielli di casa Napoli sono stati creati con dedizione e professionalit&#224; dallo staff tecnico-dirigenziale, per cui non si fanno sconti e coloro che sono intenzionati ad  usufruire delle prestazioni dei tenori made in Naples dovranno provvedere a versare la giusta cifra senza alcuna contropartita tecnica: il Napoli non ha bisogno di calciatori poco motivati, gi&#224; abbondantemente appagati dai notevoli guadagni e dai loro eventuali successi pregressi.<\/p>\n<p>&#8220;<strong>Jovetic e Giovinco?<\/strong> Sono due giocatori che mi piacciono molto, ma Jovetic non lo prenderei mai perch&#232; farei uno sgarbo a Della Valle. Giovinco invece mi sembra indirizzato alla Juventus&#8221; Aggiunge il presidente mettendo, forse, la parola fine alle recenti voci di mercato che coinvolgevano due giocatori accostati al Napoli.<\/p>\n<p>&#8220;Credo che <strong>Cavani <\/strong>gradirebbe un arrivo alla Juve, chiaramente &#232; un giocatore sotto contratto e il suo destino &#232; legato molto alle decisioni del presidente De Laurentiis Se Cavani spinger&#224; molto per una cessione e la Juve far&#224; una proposta interessante, magari includendo Matri o Giovinco, la trattativa potrebbe decollare Cavani? Ci sono contratti scritti, firmati, che parlano chiaro&#8221;. A tanta sicurezza e convinzione  nel riportare una propria, legittima, opinione, da parte di un collega, su un giornale torinese risponde De Laurentiis con una chicca che ristabilisce la verit&#224; dei fatti e rende felice il popolo napoletano: &#8220;Cavani? Ci sono contratti scritti, firmati, che parlano chiaro&#8221;.<\/p>\n<p><em>Vincenzo Vitiello<\/em><br \/>\n<a href='http:\/\/www.ilcorrieredelnapoli.it\/site\/?p=38755'>LEGGI ARTICOLO SU ILCORRIEREDELNAPOLI.IT<\/a> <\/p>\n<p><!--:--><\/p>\n","protected":false},"excerpt":{"rendered":"<p><!--:it-->&#8220;Mazzarri? Si tratta di un uomo intelligente, sa che non dovr&#224; fare richieste eccessive rispettando i parametri del club&#8221; Queste le affermazioni di Aurelio De Laurentiis rilasciate ai microfoni di SKY Sport 24. Dichiarazioni che vanno in senso contrario a quelle di alcuni opinionisti che prevedono, alla stregua di altri analoghi presagi manifestati in un passato non tanto lontano, litigi con conseguente interruzione della collaborazione tra il Patron del Napoli&#8230;<!--:--><\/p>\n","protected":false},"author":4,"featured_media":4973,"comment_status":"open","ping_status":"open","sticky":false,"template":"","format":"standard","meta":{"_et_pb_use_builder":"","_et_pb_old_content":"","_et_gb_content_width":"","jetpack_post_was_ever_published":false,"_jetpack_newsletter_access":"","_jetpack_dont_email_post_to_subs":false,"_jetpack_newsletter_tier_id":0,"_jetpack_memberships_contains_paywalled_content":false,"_jetpack_memberships_contains_paid_content":false,"footnotes":"","jetpack_publicize_message":"","jetpack_publicize_feature_enabled":true,"jetpack_social_post_already_shared":false,"jetpack_social_options":{"image_generator_settings":{"template":"highway","default_image_id":0,"font":"","enabled":false},"version":2}},"categories":[3],"tags":[172,2622,1721,2354,2328,2356,2621,786,2355,2636,766],"yst_prominent_words":[],"class_list":["post-4972","post","type-post","status-publish","format-standard","has-post-thumbnail","hentry","category-news","tag-aureliodelaurentiis","tag-calcio","tag-edinsoncavani","tag-ezequilellavezzi","tag-ilcorrieredelnapoli-it","tag-jovetic","tag-napoli","tag-napolicalcio","tag-sebastingiovinco","tag-sport","tag-waltermazzarri"],"jetpack_publicize_connections":[],"jetpack_featured_media_url":"https:\/\/i0.wp.com\/www.napolinelmondo.org\/public\/wp\/wp-content\/uploads\/2012\/05\/Aurelio_De_Laurentiis.jpg?fit=470%2C288&ssl=1","jetpack_shortlink":"https:\/\/wp.me\/pESQJ-1ic","jetpack_sharing_enabled":true,"jetpack_likes_enabled":false,"jetpack-related-posts":[{"id":3880,"url":"https:\/\/www.napolinelmondo.org\/public\/wp\/napoli-non-c-peggior-cieco-di-chi-non-vuole-vedere\/","url_meta":{"origin":4972,"position":0},"title":"Napoli, non c&#8217;&#232; peggior cieco di chi non vuole vedere!","author":"Vincenzo Vitiello","date":"5 Maggio 2011","format":false,"excerpt":"\"Mazzarri segnali negativi sul futuro non me ne ha dati e per me resta\" Basteranno queste parole di De Laurentiis per convincere tutti coloro danno il tecnico partente da Napoli adducendo le pi\u00f9 svariate motivazioni?...","rel":"","context":"In &quot;News&quot;","block_context":{"text":"News","link":"https:\/\/www.napolinelmondo.org\/public\/wp\/category\/news\/"},"img":{"alt_text":"","src":"https:\/\/i0.wp.com\/www.napolinelmondo.org\/public\/wp\/wp-content\/uploads\/2011\/05\/de_laurentiis23-300x300.jpg?resize=350%2C200","width":350,"height":200},"classes":[]},{"id":3650,"url":"https:\/\/www.napolinelmondo.org\/public\/wp\/mancano-i-presupposti-affich-mazzarri-abbandoni-il-napoli\/","url_meta":{"origin":4972,"position":1},"title":"Mancano i presupposti affich&#232; Mazzarri abbandoni il Napoli","author":"Vincenzo Vitiello","date":"16 Marzo 2011","format":false,"excerpt":"\"Mazzarri \u00e8 sempre stato nel mio cuore. \u00c8 stata una mia scelta e con lui ho sempre avuto un ottimo rapporto. Non vedo perch\u00e9 avrei dovuto fargli un contratto di altri tre anni pi\u00f9 quello in corso. Si sa che nel calcio c'\u00e8 sempre il pettegolezzo... Se gli fanno la\u2026","rel":"","context":"In &quot;News&quot;","block_context":{"text":"News","link":"https:\/\/www.napolinelmondo.org\/public\/wp\/category\/news\/"},"img":{"alt_text":"","src":"https:\/\/i0.wp.com\/www.napolinelmondo.org\/public\/wp\/wp-content\/uploads\/2011\/03\/mazzarri482_jpg_370468210.jpg?fit=482%2C300&ssl=1&resize=350%2C200","width":350,"height":200},"classes":[]},{"id":3868,"url":"https:\/\/www.napolinelmondo.org\/public\/wp\/napoli-de-laurentiis-risponde-alle-sirene-blindando-cavani\/","url_meta":{"origin":4972,"position":2},"title":"Napoli, De Laurentiis risponde alle Sirene blindando Cavani","author":"Vincenzo Vitiello","date":"28 Aprile 2011","format":false,"excerpt":"I club italiani ed europei che erano interessati ad Edinson Cavani dovranno constatare, ancora una volta, che il Napoli non vende i suoi gioielli a meno di una chiara e pi\u00f9 volte manifestata volont\u00e0 dei calciatori partenopei di trasferirsi verso altri lidi...","rel":"","context":"In &quot;News&quot;","block_context":{"text":"News","link":"https:\/\/www.napolinelmondo.org\/public\/wp\/category\/news\/"},"img":{"alt_text":"","src":"https:\/\/i0.wp.com\/www.napolinelmondo.org\/public\/wp\/wp-content\/uploads\/2011\/04\/020-de_laurentiis-napoli-coppa_news1-300x186.jpg?resize=350%2C200","width":350,"height":200},"classes":[]},{"id":4583,"url":"https:\/\/www.napolinelmondo.org\/public\/wp\/napoli-de-laurentiis-fornisce-spiegazioni-a-chi-non-vuole-ascoltarle\/","url_meta":{"origin":4972,"position":3},"title":"Napoli, De Laurentiis fornisce spiegazioni a chi non vuole ascoltarle","author":"Vincenzo Vitiello","date":"3 Gennaio 2012","format":false,"excerpt":"\"Maggio ha firmato il rinnovo del contratto fino al 2015. Tra poco annunceremo quello di Hamsik, tutto procede nel migliore dei modi. Ho parlato a lungo con Bigon stamattina del futuro, siamo vigili sul mercato, lo saremo sempre, ci sono alcune opportunit\u00e0 che verificheremo. I pezzi migliori non si toccano,\u2026","rel":"","context":"In &quot;News&quot;","block_context":{"text":"News","link":"https:\/\/www.napolinelmondo.org\/public\/wp\/category\/news\/"},"img":{"alt_text":"","src":"https:\/\/i0.wp.com\/www.napolinelmondo.org\/public\/wp\/wp-content\/uploads\/2012\/01\/Aurelio-De-Laurentiis.jpg?resize=350%2C200","width":350,"height":200},"classes":[]},{"id":4044,"url":"https:\/\/www.napolinelmondo.org\/public\/wp\/napoli-baster-lennesima-smentita-di-de-laurentiis-su-hamsik\/","url_meta":{"origin":4972,"position":4},"title":"Napoli, baster&#224; l&#8217;ennesima smentita di De Laurentiis su Hamsik ?","author":"Vincenzo Vitiello","date":"30 Giugno 2011","format":false,"excerpt":"\"Sono costernato, evidentemente nessuno ascolta Radio Marte. Io ho detto, non crediate certo che io possa vendere per 40 milioni Hamsik. E' fuori dal mercato, l'ho preso per valorizzarlo, ho investito su di lui in questi anni. Secondo me, si apre la bocca, si d\u00e0 fiato e non si pensa.\u2026","rel":"","context":"In &quot;News&quot;","block_context":{"text":"News","link":"https:\/\/www.napolinelmondo.org\/public\/wp\/category\/news\/"},"img":{"alt_text":"","src":"https:\/\/i0.wp.com\/www.napolinelmondo.org\/public\/wp\/wp-content\/uploads\/2011\/06\/020-de_laurentiis-napoli-coppa_news.jpg?fit=530%2C330&ssl=1&resize=350%2C200","width":350,"height":200,"srcset":"https:\/\/i0.wp.com\/www.napolinelmondo.org\/public\/wp\/wp-content\/uploads\/2011\/06\/020-de_laurentiis-napoli-coppa_news.jpg?fit=530%2C330&ssl=1&resize=350%2C200 1x, https:\/\/i0.wp.com\/www.napolinelmondo.org\/public\/wp\/wp-content\/uploads\/2011\/06\/020-de_laurentiis-napoli-coppa_news.jpg?fit=530%2C330&ssl=1&resize=525%2C300 1.5x"},"classes":[]},{"id":4265,"url":"https:\/\/www.napolinelmondo.org\/public\/wp\/napoli-impazza-la-rossimania\/","url_meta":{"origin":4972,"position":5},"title":"Napoli, impazza la &#8220;Rossimania&#8221;","author":"Vincenzo Vitiello","date":"6 Settembre 2011","format":false,"excerpt":"\"Le parole di De Laurentiis su Rossi mi fanno piacere ma in questo momento non ci sono i presupposti per concretizzare l'affare. Per\u00f2 come si dice nel calcio mai dire mai\" Queste le parole del procuratore di Giuseppe Rossi, Federico Pastorello, che intervenendo oggi sulle frequenze di Radio Kiss Kiss\u2026","rel":"","context":"In &quot;News&quot;","block_context":{"text":"News","link":"https:\/\/www.napolinelmondo.org\/public\/wp\/category\/news\/"},"img":{"alt_text":"","src":"https:\/\/i0.wp.com\/www.napolinelmondo.org\/public\/wp\/wp-content\/uploads\/2011\/09\/Rossi-200x200.jpg?resize=350%2C200","width":350,"height":200},"classes":[]}],"_links":{"self":[{"href":"https:\/\/www.napolinelmondo.org\/public\/wp\/wp-json\/wp\/v2\/posts\/4972","targetHints":{"allow":["GET"]}}],"collection":[{"href":"https:\/\/www.napolinelmondo.org\/public\/wp\/wp-json\/wp\/v2\/posts"}],"about":[{"href":"https:\/\/www.napolinelmondo.org\/public\/wp\/wp-json\/wp\/v2\/types\/post"}],"author":[{"embeddable":true,"href":"https:\/\/www.napolinelmondo.org\/public\/wp\/wp-json\/wp\/v2\/users\/4"}],"replies":[{"embeddable":true,"href":"https:\/\/www.napolinelmondo.org\/public\/wp\/wp-json\/wp\/v2\/comments?post=4972"}],"version-history":[{"count":1,"href":"https:\/\/www.napolinelmondo.org\/public\/wp\/wp-json\/wp\/v2\/posts\/4972\/revisions"}],"predecessor-version":[{"id":4974,"href":"https:\/\/www.napolinelmondo.org\/public\/wp\/wp-json\/wp\/v2\/posts\/4972\/revisions\/4974"}],"wp:featuredmedia":[{"embeddable":true,"href":"https:\/\/www.napolinelmondo.org\/public\/wp\/wp-json\/wp\/v2\/media\/4973"}],"wp:attachment":[{"href":"https:\/\/www.napolinelmondo.org\/public\/wp\/wp-json\/wp\/v2\/media?parent=4972"}],"wp:term":[{"taxonomy":"category","embeddable":true,"href":"https:\/\/www.napolinelmondo.org\/public\/wp\/wp-json\/wp\/v2\/categories?post=4972"},{"taxonomy":"post_tag","embeddable":true,"href":"https:\/\/www.napolinelmondo.org\/public\/wp\/wp-json\/wp\/v2\/tags?post=4972"},{"taxonomy":"yst_prominent_words","embeddable":true,"href":"https:\/\/www.napolinelmondo.org\/public\/wp\/wp-json\/wp\/v2\/yst_prominent_words?post=4972"}],"curies":[{"name":"wp","href":"https:\/\/api.w.org\/{rel}","templated":true}]}}