{"id":5645,"date":"2013-04-27T19:08:30","date_gmt":"2013-04-27T17:08:30","guid":{"rendered":"http:\/\/www.napolinelmondo.org\/public\/wp\/?p=5645"},"modified":"2013-04-27T19:11:00","modified_gmt":"2013-04-27T17:11:00","slug":"abu-mazen-cittadino-onorario-di-napoli-e-pompei","status":"publish","type":"post","link":"https:\/\/www.napolinelmondo.org\/public\/wp\/abu-mazen-cittadino-onorario-di-napoli-e-pompei\/","title":{"rendered":"<!--:it-->ABU MAZEN, CITTADINO ONORARIO DI NAPOLI E POMPEI <!--:--><!--:en-->ABU MAZEN, CITTADINO ONORARIO DI NAPOLI E POMPEI <!--:-->"},"content":{"rendered":"<p><!--:it--><a href=\"https:\/\/i0.wp.com\/www.napolinelmondo.org\/public\/wp\/wp-content\/uploads\/2013\/04\/163765588bf7ee93832be46331e721c6_immagine_ts673_4001.jpg?ssl=1\" data-rel=\"lightbox-image-0\" data-rl_title=\"\" data-rl_caption=\"\"><img data-recalc-dims=\"1\" loading=\"lazy\" decoding=\"async\" data-attachment-id=\"5649\" data-permalink=\"https:\/\/www.napolinelmondo.org\/public\/wp\/abu-mazen-cittadino-onorario-di-napoli-e-pompei\/163765588bf7ee93832be46331e721c6_immagine_ts673_400-2\/\" data-orig-file=\"https:\/\/i0.wp.com\/www.napolinelmondo.org\/public\/wp\/wp-content\/uploads\/2013\/04\/163765588bf7ee93832be46331e721c6_immagine_ts673_4001.jpg?fit=337%2C200&amp;ssl=1\" data-orig-size=\"337,200\" data-comments-opened=\"0\" data-image-meta=\"{&quot;aperture&quot;:&quot;0&quot;,&quot;credit&quot;:&quot;&quot;,&quot;camera&quot;:&quot;&quot;,&quot;caption&quot;:&quot;&quot;,&quot;created_timestamp&quot;:&quot;0&quot;,&quot;copyright&quot;:&quot;&quot;,&quot;focal_length&quot;:&quot;0&quot;,&quot;iso&quot;:&quot;0&quot;,&quot;shutter_speed&quot;:&quot;0&quot;,&quot;title&quot;:&quot;&quot;}\" data-image-title=\"163765588bf7ee93832be46331e721c6_immagine_ts673_400\" data-image-description=\"\" data-image-caption=\"\" data-medium-file=\"https:\/\/i0.wp.com\/www.napolinelmondo.org\/public\/wp\/wp-content\/uploads\/2013\/04\/163765588bf7ee93832be46331e721c6_immagine_ts673_4001.jpg?fit=300%2C178&amp;ssl=1\" data-large-file=\"https:\/\/i0.wp.com\/www.napolinelmondo.org\/public\/wp\/wp-content\/uploads\/2013\/04\/163765588bf7ee93832be46331e721c6_immagine_ts673_4001.jpg?fit=337%2C200&amp;ssl=1\" class=\"alignnone size-thumbnail wp-image-5649\" title=\"\" src=\"https:\/\/i0.wp.com\/www.napolinelmondo.org\/public\/wp\/wp-content\/uploads\/2013\/04\/163765588bf7ee93832be46331e721c6_immagine_ts673_4001.jpg?resize=200%2C200&#038;ssl=1\" alt=\"\" width=\"200\" height=\"200\" srcset=\"https:\/\/i0.wp.com\/www.napolinelmondo.org\/public\/wp\/wp-content\/uploads\/2013\/04\/163765588bf7ee93832be46331e721c6_immagine_ts673_4001.jpg?resize=200%2C200&amp;ssl=1 200w, https:\/\/i0.wp.com\/www.napolinelmondo.org\/public\/wp\/wp-content\/uploads\/2013\/04\/163765588bf7ee93832be46331e721c6_immagine_ts673_4001.jpg?resize=120%2C120&amp;ssl=1 120w\" sizes=\"auto, (max-width: 200px) 100vw, 200px\" \/><\/a>Il presidente dell&#8217;Autorit&#224; nazionale palestinese Abu Mazen ha ricevevuto la cittadinanza onoraria di Napoli, a conferirgliela &#232; stato il sindaco di Napoli Luigi De Magistris con una cerimonia tenutasi a Palazzo San Giacomo, ed ha ricordato, nel discorso tenuto, che Napoli &#232; gemellata con &#160;&#160;<a href=\"https:\/\/www.napolinelmondo.org\/public\/wp\/index.php\/citta-gemellate\/nablus\/\">Nablus<\/a>, cittadina della Cisgiordania.<br \/>\nPoi a Pompei il sindaco della cittadina , Claudio D&#8217;Alessio, ha &#160;consegneto ad Abu Mazen le chiavi della citt&#224;, poi il Presidente si &#232; recato in visita agli Scavi archeologici. Nel pomeriggio &#160;infine, nella Maison de la Mediterranee, in via Depretis, a Napoli,ha ricevuto il premio Mediterraneo 2013 &#8211; edizione speciale assegnatogli dalla Fondazione Mediterraneo;nella motivazione si legge che Abu Mazen &#171;&#232; stato l&#8217;artefice del dialogo nella costruzione del difficile processo di pace tra Israele e Palestina&#187;. Il presidente Abu Mazen si &#232; detto di essere lieto e onorato di essere qui a Napoli.&#8221; I napoletani amano la pace e la fratellanza. C&#8217;&#232; armonia tra loro e il popolo palestinese&#8221;. &#8220;I nostri caratteri sono simili&#8221;, ha affermato Abu Mazen parlando dei cittadini napoletani e del popolo palestinese e ribadendo il suo &lt;grazie a tutto il popolo italiano per il sostegno alla causa palestinese&gt;. L&#8217;Italia, ha ricordato il leader dell&#8217;Anp, &#8221; &#232; stata tra i primi Paesi a sostenere il riconoscimento della Palestina&#8221;. De Magistris ha ribadito il suo impegno per il riconoscimento di uno stato palestinese e che: &#8220;&#8221;Napoli e&#8217; citt&#224;&#8217; di pace, di culture e religioni nel suo discorso. Il sindaco ha sottolineato che Napoli &#8221;non conosce razzismo e intolleranza. Per noi il diverso e&#8217; una ricchezza e non un pericolo &#8221;.<strong><\/strong><!--:--><!--:en--><\/p>\n<\/p>\n<p><!--:--><\/p>\n","protected":false},"excerpt":{"rendered":"<p>Il presidente dell&#8217;Autorit&#224; nazionale palestinese Abu Mazen ha ricevevuto la cittadinanza onoraria di Napoli, a conferirgliela &#232; stato il sindaco di Napoli Luigi De Magistris con una cerimonia tenutasi a Palazzo San Giacomo, ed ha ricordato, nel discorso tenuto, che Napoli &#232; gemellata con &#160;&#160;Nablus, cittadina della Cisgiordania. Poi a Pompei il sindaco della cittadina [&hellip;]<\/p>\n","protected":false},"author":5,"featured_media":5646,"comment_status":"open","ping_status":"open","sticky":false,"template":"","format":"standard","meta":{"_et_pb_use_builder":"","_et_pb_old_content":"","_et_gb_content_width":"","jetpack_post_was_ever_published":false,"_jetpack_newsletter_access":"","_jetpack_dont_email_post_to_subs":false,"_jetpack_newsletter_tier_id":0,"_jetpack_memberships_contains_paywalled_content":false,"_jetpack_memberships_contains_paid_content":false,"footnotes":"","jetpack_publicize_message":"","jetpack_publicize_feature_enabled":true,"jetpack_social_post_already_shared":false,"jetpack_social_options":{"image_generator_settings":{"template":"highway","default_image_id":0,"font":"","enabled":false},"version":2}},"categories":[41,62,3],"tags":[2510,2657,671,2512,2511,2656,2621,384,1020],"yst_prominent_words":[],"class_list":["post-5645","post","type-post","status-publish","format-standard","has-post-thumbnail","hentry","category-da-napoli-naples-etc","category-le-napoli-nel-mondo","category-news","tag-abu-mazen","tag-cisgiordania","tag-cittadinanza-onoraria","tag-fondazione-mediterraneo","tag-mediterraneo-2012","tag-nablus","tag-napoli","tag-palestina","tag-pompei"],"jetpack_publicize_connections":[],"jetpack_featured_media_url":"https:\/\/i0.wp.com\/www.napolinelmondo.org\/public\/wp\/wp-content\/uploads\/2013\/04\/163765588bf7ee93832be46331e721c6_immagine_ts673_400.jpg?fit=673%2C400&ssl=1","jetpack_shortlink":"https:\/\/wp.me\/pESQJ-1t3","jetpack_sharing_enabled":true,"jetpack_likes_enabled":false,"jetpack-related-posts":[{"id":2923,"url":"https:\/\/www.napolinelmondo.org\/public\/wp\/le-napoli-nel-mondo\/","url_meta":{"origin":5645,"position":0},"title":"Le Napoli nel MondoThe Naples around the world","author":"presidentenm","date":"11 Novembre 2010","format":false,"excerpt":"Da ricerche effettuate per mezzo dei motori di ricerca sulla rete internet, sono state segnalate, almeno fino ad oggi, le seguenti localit\u00e0 che per un verso od un altro possono ricondursi alla radice Neapolis: Napoli, Italia, la pi\u00f9 nota citt\u00e0. Napoli, USA, localit\u00e0 nella\u00a0 contea di Cattaraugus, Stato : New\u2026","rel":"","context":"In &quot;Le Napoli - The Naples&quot;","block_context":{"text":"Le Napoli - The Naples","link":"https:\/\/www.napolinelmondo.org\/public\/wp\/category\/le-napoli-nel-mondo\/"},"img":{"alt_text":"","src":"https:\/\/i0.wp.com\/www.napolinelmondo.org\/public\/wp\/wp-content\/uploads\/2010\/11\/mondo_map.gif?fit=956%2C837&ssl=1&resize=350%2C200","width":350,"height":200,"srcset":"https:\/\/i0.wp.com\/www.napolinelmondo.org\/public\/wp\/wp-content\/uploads\/2010\/11\/mondo_map.gif?fit=956%2C837&ssl=1&resize=350%2C200 1x, https:\/\/i0.wp.com\/www.napolinelmondo.org\/public\/wp\/wp-content\/uploads\/2010\/11\/mondo_map.gif?fit=956%2C837&ssl=1&resize=525%2C300 1.5x, https:\/\/i0.wp.com\/www.napolinelmondo.org\/public\/wp\/wp-content\/uploads\/2010\/11\/mondo_map.gif?fit=956%2C837&ssl=1&resize=700%2C400 2x"},"classes":[]},{"id":53514,"url":"https:\/\/www.napolinelmondo.org\/public\/wp\/le-napoli-nel-mondo-2\/","url_meta":{"origin":5645,"position":1},"title":"le Napoli nel mondo","author":"presidentenm","date":"17 Gennaio 2021","format":false,"excerpt":"NAPOLI\u00a0 NEL MONDO , le citt\u00e0 il cui toponimo \u00e8 associabile a Neo-polis\u00a0 Da ricerche effettuate per mezzo dei motori di ricerca sulla rete internet, sono state segnalate, almeno fino ad oggi, le seguenti localit\u00e0 che per un verso od un altro possono ricondursi alla radice Neapolis: Napoli, Italia, la\u2026","rel":"","context":"In &quot;Curiosit\u00e0&quot;","block_context":{"text":"Curiosit\u00e0","link":"https:\/\/www.napolinelmondo.org\/public\/wp\/category\/news\/curiosita-news\/"},"img":{"alt_text":"","src":"https:\/\/i0.wp.com\/www.napolinelmondo.org\/public\/wp\/wp-content\/uploads\/2018\/01\/mondo_map1.gif?fit=342%2C300&ssl=1&resize=350%2C200","width":350,"height":200},"classes":[]},{"id":696,"url":"https:\/\/www.napolinelmondo.org\/public\/wp\/neopolis-o-nablus-ma-ovunque-nel-mondo\/","url_meta":{"origin":5645,"position":2},"title":"Neop\u00f2lis o Nablus ma ovunque nel mondo","author":"presidentenm","date":"16 Ottobre 2009","format":false,"excerpt":"Registriamo con piacere quanto di noi ha scritto Lucilla Fuiano su la Repubblica \u2014 15 marzo 2008 \u00a0 pagina 19 \u00a0 sezione: NAPOLI Neapolis, Napoli, Naples: quali sono affinit\u00e0 e divergenze tra la \"citt\u00e0 nuova\" campana, quella tunisina e le molteplici omonime americane? Ce le spiega il portale \"Associazione Napoli\u2026","rel":"","context":"In &quot;Associazione&quot;","block_context":{"text":"Associazione","link":"https:\/\/www.napolinelmondo.org\/public\/wp\/category\/associazione\/"},"img":{"alt_text":"","src":"","width":0,"height":0},"classes":[]},{"id":2135,"url":"https:\/\/www.napolinelmondo.org\/public\/wp\/slawomir-oder-a-pompei\/","url_meta":{"origin":5645,"position":3},"title":"S\u0142awomir Oder a PompeiS\u0142awomir Oder a Pompei","author":"presidentenm","date":"15 Aprile 2010","format":false,"excerpt":"Il postulatore della causa di beatificazione di Giovanni Paolo II ospite nella cittadina mariana per la terza edizione del premio a lui intitolato COMUNICATO STAMPA POMPEI \u2012 Oltre 5mila i partecipanti. 73 i premiati, 11 i premi della presidenza. 4 le categorie (poesia, pittura, scultura, fotografia). 4 gli ospiti d\u2019eccezione\u2026","rel":"","context":"In &quot;da Napoli, Naples, etc..-&quot;","block_context":{"text":"da Napoli, Naples, etc..-","link":"https:\/\/www.napolinelmondo.org\/public\/wp\/category\/news\/da-napoli-naples-etc\/"},"img":{"alt_text":"","src":"https:\/\/i0.wp.com\/www.napolinelmondo.org\/public\/wp\/wp-content\/uploads\/2010\/04\/Mons.-ODER-200x200.jpg?resize=350%2C200","width":350,"height":200},"classes":[]},{"id":1307,"url":"https:\/\/www.napolinelmondo.org\/public\/wp\/english-nablus-flavia-neapolis-napolis-sister-city\/","url_meta":{"origin":5645,"position":4},"title":"Nablus (Flavia Neapolis), Napoli&#8217;s sister city","author":"presidentenm","date":"20 Febbraio 2010","format":false,"excerpt":"NABLUS City of Jordan (50,000) occupied from the Israelis, principal town of the homonym district, 50 km\u00a0 N of Jerusalem 570 m on the southern slopes of the mount ' Eval.\u00a0 It is agricultural market and centre of alimentary small businesses; you weave them, chemistries, of the materials from construction\u2026","rel":"","context":"In &quot;Le Napoli - The Naples&quot;","block_context":{"text":"Le Napoli - The Naples","link":"https:\/\/www.napolinelmondo.org\/public\/wp\/category\/le-napoli-nel-mondo\/"},"img":{"alt_text":"","src":"","width":0,"height":0},"classes":[]},{"id":3184,"url":"https:\/\/www.napolinelmondo.org\/public\/wp\/nove-avvisi-di-garanzia-per-i-crolli-a-pompei\/","url_meta":{"origin":5645,"position":5},"title":"Nove avvisi di garanzia per i crolli a Pompei","author":"presidentenm","date":"16 Dicembre 2010","format":false,"excerpt":"Ci sarebbero nove avvisi di garanzia per i crolli di Pompei con l'ipotesi di disastro colposo per i cedimenti degli ultimi mesi. Tra i nove indagati ci sarebbero l'ex soprintendente Pietro Giovanni Guzzo, il direttore degli scavi Antonio Varone e altri responsabili dei lavori fatti - nella gestione precedente al\u2026","rel":"","context":"In &quot;da Napoli, Naples, etc..-&quot;","block_context":{"text":"da Napoli, Naples, etc..-","link":"https:\/\/www.napolinelmondo.org\/public\/wp\/category\/news\/da-napoli-naples-etc\/"},"img":{"alt_text":"","src":"https:\/\/i0.wp.com\/www.napolinelmondo.org\/public\/wp\/wp-content\/uploads\/2010\/12\/051.jpg?fit=600%2C450&ssl=1&resize=350%2C200","width":350,"height":200,"srcset":"https:\/\/i0.wp.com\/www.napolinelmondo.org\/public\/wp\/wp-content\/uploads\/2010\/12\/051.jpg?fit=600%2C450&ssl=1&resize=350%2C200 1x, https:\/\/i0.wp.com\/www.napolinelmondo.org\/public\/wp\/wp-content\/uploads\/2010\/12\/051.jpg?fit=600%2C450&ssl=1&resize=525%2C300 1.5x"},"classes":[]}],"_links":{"self":[{"href":"https:\/\/www.napolinelmondo.org\/public\/wp\/wp-json\/wp\/v2\/posts\/5645","targetHints":{"allow":["GET"]}}],"collection":[{"href":"https:\/\/www.napolinelmondo.org\/public\/wp\/wp-json\/wp\/v2\/posts"}],"about":[{"href":"https:\/\/www.napolinelmondo.org\/public\/wp\/wp-json\/wp\/v2\/types\/post"}],"author":[{"embeddable":true,"href":"https:\/\/www.napolinelmondo.org\/public\/wp\/wp-json\/wp\/v2\/users\/5"}],"replies":[{"embeddable":true,"href":"https:\/\/www.napolinelmondo.org\/public\/wp\/wp-json\/wp\/v2\/comments?post=5645"}],"version-history":[{"count":3,"href":"https:\/\/www.napolinelmondo.org\/public\/wp\/wp-json\/wp\/v2\/posts\/5645\/revisions"}],"predecessor-version":[{"id":5650,"href":"https:\/\/www.napolinelmondo.org\/public\/wp\/wp-json\/wp\/v2\/posts\/5645\/revisions\/5650"}],"wp:featuredmedia":[{"embeddable":true,"href":"https:\/\/www.napolinelmondo.org\/public\/wp\/wp-json\/wp\/v2\/media\/5646"}],"wp:attachment":[{"href":"https:\/\/www.napolinelmondo.org\/public\/wp\/wp-json\/wp\/v2\/media?parent=5645"}],"wp:term":[{"taxonomy":"category","embeddable":true,"href":"https:\/\/www.napolinelmondo.org\/public\/wp\/wp-json\/wp\/v2\/categories?post=5645"},{"taxonomy":"post_tag","embeddable":true,"href":"https:\/\/www.napolinelmondo.org\/public\/wp\/wp-json\/wp\/v2\/tags?post=5645"},{"taxonomy":"yst_prominent_words","embeddable":true,"href":"https:\/\/www.napolinelmondo.org\/public\/wp\/wp-json\/wp\/v2\/yst_prominent_words?post=5645"}],"curies":[{"name":"wp","href":"https:\/\/api.w.org\/{rel}","templated":true}]}}